[{"@context":"https:\/\/schema.org\/","@type":"Article","@id":"https:\/\/www.labao.cz\/dum-a-jeho-zahrada\/#Article","mainEntityOfPage":"https:\/\/www.labao.cz\/dum-a-jeho-zahrada\/","headline":"D\u016fm a jeho zahrada","name":"D\u016fm a jeho zahrada","description":"Jarn\u00ed teploty po dlouh\u00e9 zim\u011b, op\u011bt probouz\u00ed v\u0161e, co kvete a roste. P\u0159ed prvn\u00edm sek\u00e1n\u00edm tr\u00e1vn\u00edku, je vhodn\u00e9 vy\u010dkat a\u017e bude p\u016fda m\u00e9n\u011b mokr\u00e1. Projd\u011bte si zahradu a zbavte ji od mo\u017en\u00fdch zbytk\u016f list\u00ed \u010di odpadk\u016f. Zku\u0161en\u00fd zahr\u00e1dk\u00e1\u0159 se vrhne na odstran\u011bn\u00ed plevele. St\u00e1v\u00e1 se \u010dasto, \u017ee n\u011bkter\u00e9 druhy rostlin, bylinek nebo ke\u0159\u00edku zimu nezvl\u00e1dnou. [&hellip;]","datePublished":"2020-01-21","dateModified":"2023-05-15","author":{"@type":"Person","@id":"https:\/\/www.labao.cz\/author\/#Person","name":"","url":"https:\/\/www.labao.cz\/author\/","identifier":1,"image":{"@type":"ImageObject","@id":"https:\/\/secure.gravatar.com\/avatar\/60cfa630c84b6c399b95e807e4bc5b6bfe4f26a47dceacbf179d7148760edc6a?s=96&d=mm&r=g","url":"https:\/\/secure.gravatar.com\/avatar\/60cfa630c84b6c399b95e807e4bc5b6bfe4f26a47dceacbf179d7148760edc6a?s=96&d=mm&r=g","height":96,"width":96}},"publisher":{"@type":"Organization","name":"labao.cz","logo":{"@type":"ImageObject","@id":"\/logo.png","url":"\/logo.png","width":600,"height":60}},"image":{"@type":"ImageObject","@id":"https:\/\/www.labao.cz\/wp-content\/uploads\/img_a366821_w4261_t1579379170.jpg","url":"https:\/\/www.labao.cz\/wp-content\/uploads\/img_a366821_w4261_t1579379170.jpg","height":0,"width":0},"url":"https:\/\/www.labao.cz\/dum-a-jeho-zahrada\/","about":["Zahrada a d\u016fm"],"wordCount":459,"articleBody":"Jarn\u00ed teploty po dlouh\u00e9 zim\u011b, op\u011bt probouz\u00ed v\u0161e, co kvete a roste. P\u0159ed prvn\u00edm sek\u00e1n\u00edm tr\u00e1vn\u00edku, je vhodn\u00e9 vy\u010dkat a\u017e bude p\u016fda m\u00e9n\u011b mokr\u00e1. Projd\u011bte si zahradu a zbavte ji od mo\u017en\u00fdch zbytk\u016f list\u00ed \u010di odpadk\u016f. Zku\u0161en\u00fd zahr\u00e1dk\u00e1\u0159 se vrhne na odstran\u011bn\u00ed plevele. St\u00e1v\u00e1 se \u010dasto, \u017ee n\u011bkter\u00e9 druhy rostlin, bylinek nebo ke\u0159\u00edku zimu nezvl\u00e1dnou. Pokud se n\u00e1m to stane, vykopeme je a zasad\u00edme si nov\u00e9 dle libosti. P\u0159ipravila jsem si pro v\u00e1s p\u00e1r tipu, pro va\u0161i zahradu. Kdy a co za\u010d\u00edn\u00e1me s\u00e1zet?&#13; &#13; M\u00e1te r\u00e1di okrasn\u00e9 trvalky?V tom p\u0159\u00edpad\u011b je nejvhodn\u011bj\u0161\u00ed doba s\u00e1zet od konce b\u0159ezna do za\u010d\u00e1tku dubna. D\u016fle\u017eit\u00e9 je dodr\u017eet hloubku p\u0159i v\u00fdstavb\u011b a plochu, kde se chyst\u00e1me rostliny um\u00edstit. Kr\u00e1sn\u011b barevn\u00e9 a vd\u011b\u010dn\u00e9 trvalky, jako jsou letni\u010dky, v\u00e1m zajist\u00ed mnoho barev a kveten\u00ed od l\u00e9ta a\u017e do konce podzimu. Dbejte o dob\u0159e kyprou pudu a hnojen\u00ed, vhodn\u00e9 podle druhu kv\u011btin. Nezapom\u00ednejte na zal\u00e9van\u00ed, p\u0159edev\u0161\u00edm v l\u00e9t\u011b, kdy je velk\u00e9 sucho. M\u00e9n\u011b n\u00e1ro\u010dn\u00e9 na prostor jsou t\u0159apatky, kopretiny \u010di chryzant\u00e9ny. Naopak n\u00e1ro\u010dn\u011bj\u0161\u00ed na plochu b\u00fdvaj\u00ed hortenzie nebo pivo\u0148ky. Zohledn\u011bte tak\u00e9 trvanlivost, kter\u00e1 z\u00e1vis\u00ed na podm\u00ednk\u00e1ch a konkr\u00e9tn\u00edm druhu. Doba se m\u016f\u017ee li\u0161it od dvou do dvan\u00e1cti let!&#13; \u010cerstv\u00e1 zelenina nebo bylinky rovnou ze zahr\u00e1dky.I zde plat\u00ed ide\u00e1ln\u00ed doba, pro s\u00e1zen\u00ed zeleniny a bylinek v jarn\u00edm obdob\u00ed. Pokud m\u00e1te zeleninu \u00fasp\u011b\u0161n\u011b p\u0159ezimovanou, za\u010d\u00e1tek b\u0159ezna je dobr\u00fd pro p\u0159ihnojen\u00ed. Jestli se chyst\u00e1te pro v\u00fdsev semen, jako je brokolice nebo paprika, za\u010dn\u011bte na za\u010d\u00e1tku b\u0159ezna.&#13; &#13; Dodr\u017eujte vzd\u00e1lenost minim\u00e1ln\u011b 3 centimetry od sebe, to je prostor, pro spr\u00e1vn\u00fd r\u016fst. V polovin\u011b b\u0159ezna se bez obav m\u016f\u017eete vrhnout na vys\u00e9v\u00e1n\u00ed \u0159edkvi\u010dek, hrachu, kopru, \u0159epy nebo \u0161pen\u00e1tu. Pozor u p\u011bstov\u00e1n\u00ed raj\u010dat, okurek a kv\u011bt\u00e1ku. Ty je nutn\u00e9 m\u00edt nejd\u0159\u00edve p\u0159esazen\u00e9 v truhl\u00edku nebo kv\u011btin\u00e1\u010di. V posledn\u00ed \u0159ad\u011b se je\u0161t\u011b vrhneme na vo\u0148av\u00e9 bylinky. Ty lze p\u011bstovat v interi\u00e9ru, nebo na terase v truhl\u00edku \u010di venkovn\u00edm z\u00e1hon\u011b. Zde plat\u00ed pravidlo nes\u00e1zet do st\u00ednu, nebo vlhka. Bylinky miluj\u00ed sucho a teplo. Na zahr\u00e1dce se tak bude da\u0159it pa\u017eitce, estragonu, m\u00e1t\u011b, bazalce, rozmar\u00fdnu, \u0161alv\u011bji \u010di tymi\u00e1nu.&#13;                                                                                                                                                                                                                                                                                                                                                                                                 "},{"@context":"https:\/\/schema.org\/","@type":"BreadcrumbList","itemListElement":[{"@type":"ListItem","position":1,"name":"D\u016fm a jeho zahrada","item":"https:\/\/www.labao.cz\/dum-a-jeho-zahrada\/#breadcrumbitem"}]}]