[{"@context":"https:\/\/schema.org\/","@type":"Article","@id":"https:\/\/www.labao.cz\/konec-vsem-problemum\/#Article","mainEntityOfPage":"https:\/\/www.labao.cz\/konec-vsem-problemum\/","headline":"Konec v\u0161em probl\u00e9m\u016fm","name":"Konec v\u0161em probl\u00e9m\u016fm","description":"Nav\u0161tivte n\u00e1s v Audi servisu a p\u0159esv\u011bd\u010dte se, \u017ee ka\u017ed\u00fd probl\u00e9m m\u00e1 sv\u00e9 \u0159e\u0161en\u00ed. D\u00edky n\u00e1m toti\u017e z\u00edsk\u00e1 va\u0161e auto za\u0161lou sl\u00e1vu a lesk. Kone\u010dn\u011b se s n\u00edm nebudete muset b\u00e1t vyjet na cesty. M\u016f\u017eete si b\u00fdt jist\u00ed, \u017ee v\u00e1m na cest\u011b nic od va\u0161eho vozidla nehroz\u00ed, nemus\u00edte se b\u00e1t \u017e\u00e1dn\u00e9 ne\u010dekan\u00e9 poruchy. Pokud nad [&hellip;]","datePublished":"2025-09-03","dateModified":"2025-09-03","author":{"@type":"Person","@id":"https:\/\/www.labao.cz\/author\/#Person","name":"","url":"https:\/\/www.labao.cz\/author\/","identifier":1,"image":{"@type":"ImageObject","@id":"https:\/\/secure.gravatar.com\/avatar\/60cfa630c84b6c399b95e807e4bc5b6bfe4f26a47dceacbf179d7148760edc6a?s=96&d=mm&r=g","url":"https:\/\/secure.gravatar.com\/avatar\/60cfa630c84b6c399b95e807e4bc5b6bfe4f26a47dceacbf179d7148760edc6a?s=96&d=mm&r=g","height":96,"width":96}},"publisher":{"@type":"Organization","name":"labao.cz","logo":{"@type":"ImageObject","@id":"\/logo.png","url":"\/logo.png","width":600,"height":60}},"url":"https:\/\/www.labao.cz\/konec-vsem-problemum\/","wordCount":187,"articleBody":" Nav\u0161tivte n\u00e1s v Audi servisu a p\u0159esv\u011bd\u010dte se, \u017ee ka\u017ed\u00fd probl\u00e9m m\u00e1 sv\u00e9 \u0159e\u0161en\u00ed. D\u00edky n\u00e1m toti\u017e z\u00edsk\u00e1 va\u0161e auto za\u0161lou sl\u00e1vu a lesk. Kone\u010dn\u011b se s n\u00edm nebudete muset b\u00e1t vyjet na cesty. M\u016f\u017eete si b\u00fdt jist\u00ed, \u017ee v\u00e1m na cest\u011b nic od va\u0161eho vozidla nehroz\u00ed, nemus\u00edte se b\u00e1t \u017e\u00e1dn\u00e9 ne\u010dekan\u00e9 poruchy. Pokud nad va\u0161\u00edm autem budou st\u00e1t takov\u00ed profesion\u00e1lov\u00e9, jako jsme my, m\u016f\u017eete si b\u00fdt jist\u00ed, \u017ee v\u017edy v po\u0159\u00e1dku dojedete. Pravideln\u00e9 prohl\u00eddky jsou d\u016fle\u017eit\u00e9 Pokud jste si mysleli, \u017ee vozidlo nepot\u0159ebuje takovou p\u00e9\u010di jako nap\u0159\u00edklad \u010dlov\u011bk, tak jste se hrozn\u011b spletli! Pr\u00e1v\u011b vozidlo pou\u017e\u00edv\u00e1te velmi \u010dasto a je pot\u0159eba, abyste mu v\u011bnovali velkou pozornost. Jedin\u011b tak doc\u00edl\u00edte toho, \u017ee bude v\u0161e \u0161lapat tak, jak m\u00e1. P\u0159esv\u011bd\u010dte se v na\u0161em Audi servisu o tom, \u017ee va\u0161e vozidlo je\u0161t\u011b nemus\u00ed b\u00fdt na odpis!                                                                                                                                                                                                                                                                                                                                                                                                "},{"@context":"https:\/\/schema.org\/","@type":"BreadcrumbList","itemListElement":[{"@type":"ListItem","position":1,"name":"Konec v\u0161em probl\u00e9m\u016fm","item":"https:\/\/www.labao.cz\/konec-vsem-problemum\/#breadcrumbitem"}]}]