[{"@context":"https:\/\/schema.org\/","@type":"Article","@id":"https:\/\/www.labao.cz\/pokojicek-snu\/#Article","mainEntityOfPage":"https:\/\/www.labao.cz\/pokojicek-snu\/","headline":"Pokoj\u00ed\u010dek sn\u016f","name":"Pokoj\u00ed\u010dek sn\u016f","description":"Popt\u00e1v\u00e1te za\u0159\u00edzen\u00ed d\u011btsk\u00e9ho pokoj\u00ed\u010dku? Hled\u00e1te n\u011bjak\u00e9 nov\u00e9 n\u00e1pady, typy, nab\u00eddky, v\u00fdrobce kvalitn\u00edho n\u00e1bytku? Pro va\u0161e mil\u00e1\u010dky m\u00e1te v nov\u00e9m dom\u011b dv\u011b kr\u00e1sn\u00e9, sv\u011btl\u00e9 a prostorn\u00e9 m\u00edstnosti, bohu\u017eel zat\u00edm je\u0161t\u011b pr\u00e1zdn\u00e9. A te\u010f babo ra\u010f, kam pro nov\u00fd, modern\u00ed, ne moc drah\u00fd a origin\u00e1ln\u00ed d\u011btsk\u00fd n\u00e1bytek, kter\u00fd se bude d\u011btem, ale i v\u00e1m l\u00edbit? Hledat je [&hellip;]","datePublished":"2025-01-07","dateModified":"2025-01-07","author":{"@type":"Person","@id":"https:\/\/www.labao.cz\/author\/#Person","name":"","url":"https:\/\/www.labao.cz\/author\/","identifier":1,"image":{"@type":"ImageObject","@id":"https:\/\/secure.gravatar.com\/avatar\/60cfa630c84b6c399b95e807e4bc5b6bfe4f26a47dceacbf179d7148760edc6a?s=96&d=mm&r=g","url":"https:\/\/secure.gravatar.com\/avatar\/60cfa630c84b6c399b95e807e4bc5b6bfe4f26a47dceacbf179d7148760edc6a?s=96&d=mm&r=g","height":96,"width":96}},"publisher":{"@type":"Organization","name":"labao.cz","logo":{"@type":"ImageObject","@id":"\/logo.png","url":"\/logo.png","width":600,"height":60}},"url":"https:\/\/www.labao.cz\/pokojicek-snu\/","wordCount":181,"articleBody":"Popt\u00e1v\u00e1te za\u0159\u00edzen\u00ed d\u011btsk\u00e9ho pokoj\u00ed\u010dku? Hled\u00e1te n\u011bjak\u00e9 nov\u00e9 n\u00e1pady, typy, nab\u00eddky, v\u00fdrobce kvalitn\u00edho n\u00e1bytku? Pro va\u0161e mil\u00e1\u010dky m\u00e1te v nov\u00e9m dom\u011b dv\u011b kr\u00e1sn\u00e9, sv\u011btl\u00e9 a prostorn\u00e9 m\u00edstnosti, bohu\u017eel zat\u00edm je\u0161t\u011b pr\u00e1zdn\u00e9. A te\u010f babo ra\u010f, kam pro nov\u00fd, modern\u00ed, ne moc drah\u00fd a origin\u00e1ln\u00ed d\u011btsk\u00fd n\u00e1bytek, kter\u00fd se bude d\u011btem, ale i v\u00e1m l\u00edbit? Hledat je na m\u00edst\u011b Pus\u0165te se do rozs\u00e1hl\u00e9ho p\u00e1tr\u00e1n\u00ed a hled\u00e1n\u00ed v nejr\u016fzn\u011bj\u0161\u00edch vyhled\u00e1va\u010d\u00edch pod r\u016fzn\u00fdmi n\u00e1zvy nebo se rozhoupejte a obj\u00ed\u017ed\u011bjte v\u0161echny obchody s n\u00e1bytkem v okol\u00ed. Poptejte se, kde se vyr\u00e1b\u00ed nebo zhl\u00e9dn\u011bte fotogalerie s r\u016fzn\u00fdmi \u0159adami, kter\u00e9 tvo\u0159\u00ed v\u017edy jeden d\u011btsk\u00fd n\u00e1bytek, neboli jednu jeho \u0159adu. A pak u\u017e jen sta\u010d\u00ed vybrat ten prav\u00fd, zakoupit ho, objednat dopravu a brzy se doma m\u016f\u017eete pustit do mont\u00e1\u017ee.                                                                                                                                                                                                                                                                                                                                                                                                "},{"@context":"https:\/\/schema.org\/","@type":"BreadcrumbList","itemListElement":[{"@type":"ListItem","position":1,"name":"Pokoj\u00ed\u010dek sn\u016f","item":"https:\/\/www.labao.cz\/pokojicek-snu\/#breadcrumbitem"}]}]