[{"@context":"https:\/\/schema.org\/","@type":"Article","@id":"https:\/\/www.labao.cz\/pripad-alex-kral\/#Article","mainEntityOfPage":"https:\/\/www.labao.cz\/pripad-alex-kral\/","headline":"P\u0159\u00edpad Alex Kr\u00e1l","name":"P\u0159\u00edpad Alex Kr\u00e1l","description":"Jedn\u00e1 se o druh\u00fd nejdra\u017e\u0161\u00ed odchod hr\u00e1\u010de z tuzemsk\u00e9 ligy, hned za Tom\u00e1\u0161em Rosick\u00fdm, za kter\u00e9ho sv\u00e9ho \u010dasu Sparta inkasovala p\u0159es p\u016fl miliardy. Co se Slavie t\u00fd\u010de, ta takovou nab\u00eddku nemohla odm\u00edtnout. Spartak o Kr\u00e1le o\u010dividn\u011b extr\u00e9mn\u011b st\u00e1l, proto\u017ee za n\u011bj nab\u00eddla vylo\u017een\u011b p\u0159emr\u0161t\u011bnou \u010d\u00e1stku. Jde o jednoho z nejtalentovan\u011bj\u0161\u00edch \u010desk\u00fdch hr\u00e1\u010d\u016f, ale st\u00e1le nem\u00e1 [&hellip;]","datePublished":"2019-12-20","dateModified":"2023-05-15","author":{"@type":"Person","@id":"https:\/\/www.labao.cz\/author\/#Person","name":"","url":"https:\/\/www.labao.cz\/author\/","identifier":1,"image":{"@type":"ImageObject","@id":"https:\/\/secure.gravatar.com\/avatar\/60cfa630c84b6c399b95e807e4bc5b6bfe4f26a47dceacbf179d7148760edc6a?s=96&d=mm&r=g","url":"https:\/\/secure.gravatar.com\/avatar\/60cfa630c84b6c399b95e807e4bc5b6bfe4f26a47dceacbf179d7148760edc6a?s=96&d=mm&r=g","height":96,"width":96}},"publisher":{"@type":"Organization","name":"labao.cz","logo":{"@type":"ImageObject","@id":"\/logo.png","url":"\/logo.png","width":600,"height":60}},"image":{"@type":"ImageObject","@id":"https:\/\/www.labao.cz\/wp-content\/uploads\/img_a362852_w4261_t1575806403.png","url":"https:\/\/www.labao.cz\/wp-content\/uploads\/img_a362852_w4261_t1575806403.png","height":0,"width":0},"url":"https:\/\/www.labao.cz\/pripad-alex-kral\/","about":["Sport"],"wordCount":598,"articleBody":"Jedn\u00e1 se o druh\u00fd nejdra\u017e\u0161\u00ed odchod hr\u00e1\u010de z tuzemsk\u00e9 ligy, hned za Tom\u00e1\u0161em Rosick\u00fdm, za kter\u00e9ho sv\u00e9ho \u010dasu Sparta inkasovala p\u0159es p\u016fl miliardy. Co se Slavie t\u00fd\u010de, ta takovou nab\u00eddku nemohla odm\u00edtnout. Spartak o Kr\u00e1le o\u010dividn\u011b extr\u00e9mn\u011b st\u00e1l, proto\u017ee za n\u011bj nab\u00eddla vylo\u017een\u011b p\u0159emr\u0161t\u011bnou \u010d\u00e1stku. Jde o jednoho z nejtalentovan\u011bj\u0161\u00edch \u010desk\u00fdch hr\u00e1\u010d\u016f, ale st\u00e1le nem\u00e1 odehr\u00e1no dostatek z\u00e1pas\u016f v evropsk\u00fdch sout\u011b\u017e\u00edch \u010di reprezentaci na to, aby st\u00e1l 12 milion\u016f euro. Poj\u010fme si hodit tuto \u010d\u00e1stku do kontextu leto\u0161n\u00edho p\u0159estupov\u00e9ho obdob\u00ed.&#13; &#13; Za podobnou \u010d\u00e1stku letos p\u0159estoupili nap\u0159\u00edklad Dendoncker do Wolves, Promes do Ajaxu, Krychowiak do Lokomotivu, Oliver Torres do Sevilly, Nkunku do Lipska, Denis Suarez do Celty, Luuk De Jong do Sevilly \u010di Zaza do Tur\u00edna. Pokud by toto p\u0159irovn\u00e1n\u00ed nebylo dostate\u010dn\u00e9, On byl letos dra\u017e\u0161\u00ed hr\u00e1\u010d ne\u017e t\u0159eba David Luiz, Breel Embolo, Timothy Weah, Fabian Delph nebo Tonny Vilhena. S t\u00edm souvis\u00ed fakt, \u017ee mnoho fanou\u0161k\u016f psalo, \u017ee m\u011bl p\u016fl roku po\u010dkat a \u017ee by se d\u00edky Lize mistr\u016f jeho cena v\u00fdrazn\u011b zvedla. Jak jsem ji\u017e nazna\u010dil, tato \u010d\u00e1stka je za podobn\u00e9ho hr\u00e1\u010de v\u00fdrazn\u011b nadsazen\u00e1 a pokud si n\u011bkdo mysl\u00ed, \u017ee by mohl st\u00e1t 30 milion\u016f, tak o\u010dividn\u011b nesleduje \u017e\u00e1dnou jinou fotbalovou ligu. P\u0159i v\u0161\u00ed \u00fact\u011b k n\u011bmu, v\u0161ichni jmenovan\u00ed jsou fotbalist\u00e9, kte\u0159\u00ed maj\u00ed n\u011bco za sebou a bezesporu jsou i (moment\u00e1ln\u011b) lep\u0161\u00edmi fotbalisty. Tak\u017ee, jak jsem zm\u00ednil v\u00fd\u0161e, Slavia tuto nab\u00eddku prost\u011b nemohla odm\u00edtnout. Co se samotn\u00e9ho fotbalisty t\u00fd\u010de, je tento p\u0159estup spekulativn\u00ed. Po sportovn\u00ed str\u00e1nce si st\u00e1le mysl\u00edm, \u017ee rusk\u00e1 liga je o n\u011bco kvalitn\u011bj\u0161\u00ed ne\u017e \u010desk\u00e1. P\u0159eci jen v\u00e1s v\u00edce prov\u011b\u0159\u00ed z\u00e1pas proti Zenitu, ne\u017e proti Opav\u011b. Druh\u00e1 v\u011bc v\u0161ak je prost\u0159ed\u00ed. Kr\u00e1l m\u00e1 \u0161t\u011bst\u00ed, \u017ee bude v Moskv\u011b, co\u017e je prost\u011b absolutn\u011b n\u011bco jin\u00e9ho, ne\u017e zbytek Ruska. Ale ani tak se nevyhne dlouh\u00e9mu cestov\u00e1n\u00ed a v\u0161em probl\u00e9m\u016fm spojen\u00fdm s rusk\u00fdm anga\u017em\u00e1. Ve Slavii mohl hr\u00e1t Ligu mistr\u016f, bojovat o titul, b\u00fdt bl\u00ed\u017e k reprezentaci. Nicm\u00e9n\u011b i tak, st\u00e1le by se jednalo &#8222;jen&#8220; o 6 z\u00e1pas\u016f v t\u00e9to sezon\u011b a jinak st\u00e1le &#8222;jen&#8220; tak \u010desk\u00e1 liga.&#13; &#13; Uzn\u00e1v\u00e1m, \u017ee takto odsoudit \u010deskou ligu je mo\u017en\u00e1 trochu ostr\u00e9, zejm\u00e9na kdy\u017e Slavia s Plzn\u00ed prokazuj\u00ed \u010desk\u00e9mu fotbalu pom\u011brn\u011b dobr\u00e9 slu\u017eby v posledn\u00edch letech, ale za t\u011bmito t\u00fdmy je pak velk\u00e1 mezera, kde se nic extra ned\u011bje. Co z toho v\u0161eho vypl\u00fdv\u00e1? Co ho vedlo k p\u0159estupu? V\u011bt\u0161ina fanou\u0161k\u016f, expert\u016f a odborn\u00edk\u016f m\u00e1 jasno &#8211; pen\u00edze. Pravdou je, \u017ee ve Spartaku bezpochyby vyd\u011bl\u00e1 n\u011bkolikan\u00e1sobek sv\u00e9ho aktu\u00e1ln\u00edho platu. Smlouvu m\u00e1 do roku 2024, a pokud by j\u00ed dodr\u017eel, zajistil by se do konce sv\u00e9 kari\u00e9ry. Dal\u0161\u00ed v\u011bc, kterou v\u0161ichni \u010dasto zmi\u0148uj\u00ed je to, \u017ee t\u00edmto krokem zab\u00edj\u00ed svou kari\u00e9ru, \u017ee nebude na o\u010d\u00edch atd. S t\u00edm tak \u00fapln\u011b nesouhlas\u00edm. Spartak m\u00e1 ambice hr\u00e1t evropsk\u00e9 poh\u00e1ry ka\u017ed\u00fd rok, a pokud se prosad\u00ed do z\u00e1kladu, nebude o nic m\u00e9n\u011b na o\u010d\u00edch ne\u017e v \u010cR.&#13;                                                                                                                                                                                                                                                                                                                                                                                                 "},{"@context":"https:\/\/schema.org\/","@type":"BreadcrumbList","itemListElement":[{"@type":"ListItem","position":1,"name":"P\u0159\u00edpad Alex Kr\u00e1l","item":"https:\/\/www.labao.cz\/pripad-alex-kral\/#breadcrumbitem"}]}]